{"id":1,"date":"2022-02-05T14:27:33","date_gmt":"2022-02-05T13:27:33","guid":{"rendered":"http:\/\/fontend.cluster030.hosting.ovh.net\/?p=1"},"modified":"2022-06-06T20:35:35","modified_gmt":"2022-06-06T18:35:35","slug":"bonjour-tout-le-monde","status":"publish","type":"post","link":"https:\/\/fontenelle.fr\/?p=1","title":{"rendered":"Bienvenue a Fontenelle dans le Territoire de Belfort (90340)"},"content":{"rendered":"\r\n<p>Petit village dans le Territoire de Belfort, nous sommes situ\u00e9s non loin de la Ville de Belfort.<\/p>\r\n\r\n\r\n\r\n<p>Nous avons cr\u00e9\u00e9s ce site web afin de permettre \u00e0 nos administr\u00e9s de pouvoir consulter et \u00eatre inform\u00e9s de la vie du village, mais aussi pour faire d\u00e9couvrir notre petit coin de paradis \u00e0 tous les internautes. Peu \u00eatre nous croiserons nous sur nos chemins de campagne, ou lors de nos diverses \u00e9v\u00e8nements.<\/p>\r\n\r\n\r\n\r\n<p>Vous trouverez donc sur ce site les pages suivantes :<\/p>\r\n\r\n\r\n\r\n<ul class=\"wp-block-list\">\r\n<li>Le village : Une pr\u00e9sentation, quelques photos et l&rsquo;histoire de notre village.<\/li>\r\n<li>Nos associations : La liste des associations rattach\u00e9es \u00e0 notre commune, leurs activit\u00e9s et \u00e9v\u00e8nements.<\/li>\r\n<li>Les ballades : Tous les chemins passant par notre village qui vous permettrons de d\u00e9couvrir vos jolis petits coins.<\/li>\r\n<li>L&rsquo;administratif : Pour vous aider dans vos demandes, les Conseils Municipaux, Etc&#8230;<\/li>\r\n<li>Nos magazines : Retrouvez tous vos magazines \u00ab\u00a0info fontenelle.<\/li>\r\n<\/ul>\r\n\r\n\r\n\r\n<p>&nbsp;<\/p>\r\n","protected":false},"excerpt":{"rendered":"<p>Petit village dans le Territoire de Belfort, nous sommes situ\u00e9s non loin de la Ville de Belfort. Nous avons cr\u00e9\u00e9s ce site web afin de permettre \u00e0 nos administr\u00e9s de pouvoir consulter et \u00eatre inform\u00e9s de la vie du village, mais aussi pour faire d\u00e9couvrir notre petit coin de paradis \u00e0 tous les internautes. Peu [&hellip;]<\/p>\n","protected":false},"author":1,"featured_media":0,"comment_status":"open","ping_status":"open","sticky":false,"template":"","format":"standard","meta":{"footnotes":""},"categories":[6],"tags":[],"class_list":["post-1","post","type-post","status-publish","format-standard","hentry","category-acceuil"],"_links":{"self":[{"href":"https:\/\/fontenelle.fr\/index.php?rest_route=\/wp\/v2\/posts\/1","targetHints":{"allow":["GET"]}}],"collection":[{"href":"https:\/\/fontenelle.fr\/index.php?rest_route=\/wp\/v2\/posts"}],"about":[{"href":"https:\/\/fontenelle.fr\/index.php?rest_route=\/wp\/v2\/types\/post"}],"author":[{"embeddable":true,"href":"https:\/\/fontenelle.fr\/index.php?rest_route=\/wp\/v2\/users\/1"}],"replies":[{"embeddable":true,"href":"https:\/\/fontenelle.fr\/index.php?rest_route=%2Fwp%2Fv2%2Fcomments&post=1"}],"version-history":[{"count":5,"href":"https:\/\/fontenelle.fr\/index.php?rest_route=\/wp\/v2\/posts\/1\/revisions"}],"predecessor-version":[{"id":94,"href":"https:\/\/fontenelle.fr\/index.php?rest_route=\/wp\/v2\/posts\/1\/revisions\/94"}],"wp:attachment":[{"href":"https:\/\/fontenelle.fr\/index.php?rest_route=%2Fwp%2Fv2%2Fmedia&parent=1"}],"wp:term":[{"taxonomy":"category","embeddable":true,"href":"https:\/\/fontenelle.fr\/index.php?rest_route=%2Fwp%2Fv2%2Fcategories&post=1"},{"taxonomy":"post_tag","embeddable":true,"href":"https:\/\/fontenelle.fr\/index.php?rest_route=%2Fwp%2Fv2%2Ftags&post=1"}],"curies":[{"name":"wp","href":"https:\/\/api.w.org\/{rel}","templated":true}]}}